{"id":2149,"date":"2026-01-19T08:52:00","date_gmt":"2026-01-19T15:52:00","guid":{"rendered":"https:\/\/revistaaztlan.com\/?p=2149"},"modified":"2026-01-21T09:53:12","modified_gmt":"2026-01-21T16:53:12","slug":"gobernador-supervisa-obra-en-telesecundaria-de-tecuala-y-anuncia-mas-infraestructura-educativa","status":"publish","type":"post","link":"https:\/\/revistaaztlan.com\/?p=2149","title":{"rendered":"Gobernador supervisa obra en telesecundaria de Tecuala y anuncia m\u00e1s infraestructura educativa"},"content":{"rendered":"\n<p>El gobernador del estado de Nayarit, Miguel \u00c1ngel Navarro Quintero, se\u00f1al\u00f3 que la educaci\u00f3n transforma vidas cuando se imparte en espacios seguros y dignos, y que garantizar estas condiciones es una responsabilidad de su administraci\u00f3n. En este marco, supervis\u00f3 la construcci\u00f3n de un nuevo m\u00f3dulo en la telesecundaria L\u00e1zaro C\u00e1rdenas, ubicada en la localidad de Atotonilco, municipio de Tecuala.<\/p>\n\n\n\n<p>El nuevo edificio contar\u00e1 con aulas, \u00e1rea de direcci\u00f3n, bodega y desayunadores, lo que permitir\u00e1 mejorar de manera significativa las condiciones en las que estudian las y los j\u00f3venes de esta comunidad.<\/p>\n\n\n\n<p>Durante la visita, el mandatario estatal estuvo acompa\u00f1ado de su esposa, la doctora Beatriz Estrada Mart\u00ednez, presidenta del Sistema DIF Nayarit, y asumi\u00f3 el compromiso de construir un domo escolar, una barda perimetral y dotar de insumos al plantel, acciones que fortalecer\u00e1n la seguridad, el bienestar y el entorno educativo de la telesecundaria.<\/p>\n\n\n\n<p>Navarro Quintero expres\u00f3 que invertir en escuelas con infraestructura adecuada no solo mejora el proceso de ense\u00f1anza-aprendizaje, sino que tambi\u00e9n impulsa el desarrollo integral de las y los estudiantes y contribuye al bienestar de sus familias.<\/p>\n\n\n\n<p>Con estas acciones, el Gobierno del Estado reafirma su compromiso de colocar a la educaci\u00f3n como una prioridad, trabajando para que ni\u00f1as, ni\u00f1os y j\u00f3venes cuenten con espacios dignos que les permitan construir un mejor futuro.<\/p>\n","protected":false},"excerpt":{"rendered":"<p>El gobernador del estado de Nayarit, Miguel \u00c1ngel Navarro Quintero, se\u00f1al\u00f3 que la educaci\u00f3n transforma vidas cuando se imparte en espacios seguros y dignos, y que garantizar estas condiciones es una responsabilidad de su administraci\u00f3n. En este marco, supervis\u00f3 la construcci\u00f3n de un nuevo m\u00f3dulo en la telesecundaria L\u00e1zaro C\u00e1rdenas, ubicada en la localidad de [&hellip;]<\/p>\n","protected":false},"author":1,"featured_media":2150,"comment_status":"open","ping_status":"open","sticky":false,"template":"","format":"standard","meta":{"footnotes":""},"categories":[11],"tags":[29],"class_list":["post-2149","post","type-post","status-publish","format-standard","has-post-thumbnail","hentry","category-estado","tag-redaccion"],"_links":{"self":[{"href":"https:\/\/revistaaztlan.com\/index.php?rest_route=\/wp\/v2\/posts\/2149","targetHints":{"allow":["GET"]}}],"collection":[{"href":"https:\/\/revistaaztlan.com\/index.php?rest_route=\/wp\/v2\/posts"}],"about":[{"href":"https:\/\/revistaaztlan.com\/index.php?rest_route=\/wp\/v2\/types\/post"}],"author":[{"embeddable":true,"href":"https:\/\/revistaaztlan.com\/index.php?rest_route=\/wp\/v2\/users\/1"}],"replies":[{"embeddable":true,"href":"https:\/\/revistaaztlan.com\/index.php?rest_route=%2Fwp%2Fv2%2Fcomments&post=2149"}],"version-history":[{"count":1,"href":"https:\/\/revistaaztlan.com\/index.php?rest_route=\/wp\/v2\/posts\/2149\/revisions"}],"predecessor-version":[{"id":2151,"href":"https:\/\/revistaaztlan.com\/index.php?rest_route=\/wp\/v2\/posts\/2149\/revisions\/2151"}],"wp:featuredmedia":[{"embeddable":true,"href":"https:\/\/revistaaztlan.com\/index.php?rest_route=\/wp\/v2\/media\/2150"}],"wp:attachment":[{"href":"https:\/\/revistaaztlan.com\/index.php?rest_route=%2Fwp%2Fv2%2Fmedia&parent=2149"}],"wp:term":[{"taxonomy":"category","embeddable":true,"href":"https:\/\/revistaaztlan.com\/index.php?rest_route=%2Fwp%2Fv2%2Fcategories&post=2149"},{"taxonomy":"post_tag","embeddable":true,"href":"https:\/\/revistaaztlan.com\/index.php?rest_route=%2Fwp%2Fv2%2Ftags&post=2149"}],"curies":[{"name":"wp","href":"https:\/\/api.w.org\/{rel}","templated":true}]}}