{"id":2121,"date":"2026-01-21T07:37:44","date_gmt":"2026-01-21T14:37:44","guid":{"rendered":"https:\/\/revistaaztlan.com\/?p=2121"},"modified":"2026-01-21T07:37:44","modified_gmt":"2026-01-21T14:37:44","slug":"avanza-la-contienda-por-la-gubernatura-de-nayarit-2027-santana-ponce-y-jarero-se-posicionan-rumbo-a-la-eleccion","status":"publish","type":"post","link":"https:\/\/revistaaztlan.com\/?p=2121","title":{"rendered":"Avanza la contienda por la gubernatura de Nayarit 2027: Santana, Ponce y Jarero se posicionan rumbo a la elecci\u00f3n"},"content":{"rendered":"\n<p>RUMBO A 2027 | En el estado de Nayarit, el proceso pol\u00edtico hacia la elecci\u00f3n de gobernador para el a\u00f1o 2027 comienza a cobrar forma, con un posicionamiento claro de aspirantes y din\u00e1micas internas que marcan la contienda entre quienes se perfilan como posibles candidatos, principalmente dentro del partido Morena.<\/p>\n\n\n\n<p>De acuerdo con diversas mediciones de opini\u00f3n p\u00fablica, el alcalde de Bah\u00eda de Banderas, H\u00e9ctor Santana, se ha consolidado como uno de los perfiles mejor posicionados dentro de la contienda interna de Morena rumbo a la gubernatura, liderando las preferencias en la intenci\u00f3n de voto para ser candidato del partido guinda en diferentes estudios recientes. \ufffc<\/p>\n\n\n<div class=\"wp-block-image\">\n<figure class=\"aligncenter size-full\"><img fetchpriority=\"high\" decoding=\"async\" width=\"399\" height=\"501\" src=\"http:\/\/revistaaztlan.com\/wp-content\/uploads\/2026\/01\/elecc.jpg\" alt=\"\" class=\"wp-image-2123\" srcset=\"https:\/\/revistaaztlan.com\/wp-content\/uploads\/2026\/01\/elecc.jpg 399w, https:\/\/revistaaztlan.com\/wp-content\/uploads\/2026\/01\/elecc-239x300.jpg 239w\" sizes=\"(max-width: 399px) 100vw, 399px\" \/><\/figure>\n<\/div>\n\n\n<p>Por su parte, Geraldine Ponce, actual presidenta municipal de Tepic, mantiene un nivel competitivo entre los aspirantes, ubic\u00e1ndose en la segunda posici\u00f3n de las mediciones m\u00e1s recientes y con porcentajes cercanos a Santana en algunos escenarios, lo que indica una contienda interna cerrada y din\u00e1mica. \ufffc<\/p>\n\n\n\n<p>El senador Pavel Jarero tambi\u00e9n figura entre los principales aspirantes, ocupando consistentemente el tercer lugar en estos ejercicios de opini\u00f3n ciudadana, y representando otra opci\u00f3n relevante dentro de la estructura pol\u00edtica morenista en la entidad. \ufffc<\/p>\n\n\n\n<p>En este contexto, la dirigencia estatal y actores clave han llamado a respetar los tiempos electorales y privilegiar el di\u00e1logo interno antes de avanzar hacia definiciones concretas de candidaturas, se\u00f1alando que a\u00fan falta camino por recorrer antes de llegar a una nominaci\u00f3n formal. \ufffc<\/p>\n\n\n\n<p>El escenario general tambi\u00e9n refleja que Morena se mantiene como el partido con mayor intenci\u00f3n de voto para la gubernatura, aunque a\u00fan faltan elementos por confirmar y la contienda contin\u00faa evolucionando conforme se acercan los meses previos al arranque formal del proceso electoral. \ufffc<\/p>\n\n\n\n<p>Con ello, la pol\u00edtica en Nayarit se mantiene activa y observada tanto por fuerzas internas como por la ciudadan\u00eda, mientras los aspirantes no solo buscan posicionarse dentro de su partido, sino tambi\u00e9n construir una base de apoyo de cara a una elecci\u00f3n que ser\u00e1 clave para el rumbo del estado en los pr\u00f3ximos a\u00f1os.<\/p>\n\n\n<div class=\"wp-block-image\">\n<figure class=\"aligncenter size-full\"><img decoding=\"async\" width=\"200\" height=\"216\" src=\"http:\/\/revistaaztlan.com\/wp-content\/uploads\/2026\/01\/elecc1.jpg\" alt=\"\" class=\"wp-image-2122\"\/><\/figure>\n<\/div>","protected":false},"excerpt":{"rendered":"<p>RUMBO A 2027 | En el estado de Nayarit, el proceso pol\u00edtico hacia la elecci\u00f3n de gobernador para el a\u00f1o 2027 comienza a cobrar forma, con un posicionamiento claro de aspirantes y din\u00e1micas internas que marcan la contienda entre quienes se perfilan como posibles candidatos, principalmente dentro del partido Morena. De acuerdo con diversas mediciones [&hellip;]<\/p>\n","protected":false},"author":1,"featured_media":2124,"comment_status":"open","ping_status":"open","sticky":false,"template":"","format":"standard","meta":{"footnotes":""},"categories":[14],"tags":[29],"class_list":["post-2121","post","type-post","status-publish","format-standard","has-post-thumbnail","hentry","category-politica","tag-redaccion"],"_links":{"self":[{"href":"https:\/\/revistaaztlan.com\/index.php?rest_route=\/wp\/v2\/posts\/2121","targetHints":{"allow":["GET"]}}],"collection":[{"href":"https:\/\/revistaaztlan.com\/index.php?rest_route=\/wp\/v2\/posts"}],"about":[{"href":"https:\/\/revistaaztlan.com\/index.php?rest_route=\/wp\/v2\/types\/post"}],"author":[{"embeddable":true,"href":"https:\/\/revistaaztlan.com\/index.php?rest_route=\/wp\/v2\/users\/1"}],"replies":[{"embeddable":true,"href":"https:\/\/revistaaztlan.com\/index.php?rest_route=%2Fwp%2Fv2%2Fcomments&post=2121"}],"version-history":[{"count":1,"href":"https:\/\/revistaaztlan.com\/index.php?rest_route=\/wp\/v2\/posts\/2121\/revisions"}],"predecessor-version":[{"id":2125,"href":"https:\/\/revistaaztlan.com\/index.php?rest_route=\/wp\/v2\/posts\/2121\/revisions\/2125"}],"wp:featuredmedia":[{"embeddable":true,"href":"https:\/\/revistaaztlan.com\/index.php?rest_route=\/wp\/v2\/media\/2124"}],"wp:attachment":[{"href":"https:\/\/revistaaztlan.com\/index.php?rest_route=%2Fwp%2Fv2%2Fmedia&parent=2121"}],"wp:term":[{"taxonomy":"category","embeddable":true,"href":"https:\/\/revistaaztlan.com\/index.php?rest_route=%2Fwp%2Fv2%2Fcategories&post=2121"},{"taxonomy":"post_tag","embeddable":true,"href":"https:\/\/revistaaztlan.com\/index.php?rest_route=%2Fwp%2Fv2%2Ftags&post=2121"}],"curies":[{"name":"wp","href":"https:\/\/api.w.org\/{rel}","templated":true}]}}